{"id":781,"date":"2022-02-07T21:59:07","date_gmt":"2022-02-07T19:59:07","guid":{"rendered":"https:\/\/mv-cup.de\/?p=781"},"modified":"2026-04-23T09:10:53","modified_gmt":"2026-04-23T07:10:53","slug":"mv-cup-2022","status":"publish","type":"post","link":"https:\/\/mv-cup.de\/?p=781","title":{"rendered":"MV Cup 2026"},"content":{"rendered":"\n<p>Hallo Feuerwehrsportlerinnen und Feuerwehrsportler,<\/p>\n\n\n\n<figure class=\"wp-block-image size-full\"><a href=\"https:\/\/mv-cup.de\/wp-content\/uploads\/2022\/02\/Unschlagbar-beim-Loeschangriff-nass_big_teaser_article_webp-1.webp\"><img loading=\"lazy\" width=\"760\" height=\"380\" src=\"https:\/\/mv-cup.de\/wp-content\/uploads\/2022\/02\/Unschlagbar-beim-Loeschangriff-nass_big_teaser_article_webp-1.webp\" alt=\"\" class=\"wp-image-795\" srcset=\"https:\/\/mv-cup.de\/wp-content\/uploads\/2022\/02\/Unschlagbar-beim-Loeschangriff-nass_big_teaser_article_webp-1.webp 760w, https:\/\/mv-cup.de\/wp-content\/uploads\/2022\/02\/Unschlagbar-beim-Loeschangriff-nass_big_teaser_article_webp-1-300x150.webp 300w, https:\/\/mv-cup.de\/wp-content\/uploads\/2022\/02\/Unschlagbar-beim-Loeschangriff-nass_big_teaser_article_webp-1-150x75.webp 150w\" sizes=\"(max-width: 760px) 100vw, 760px\" \/><\/a><\/figure>\n\n\n\n<p><strong>der MV Cup startet auch in 2026 wieder durch!  <\/strong>    <\/p>\n\n\n\n<figure class=\"wp-block-table\"><table><tbody><tr><td class=\"has-text-align-center\" data-align=\"center\">Ort<\/td><td class=\"has-text-align-center\" data-align=\"center\">Datum<\/td><td class=\"has-text-align-center\" data-align=\"center\">Start<\/td><td class=\"has-text-align-center\" data-align=\"center\">Ausrichter<\/td><\/tr><tr><td class=\"has-text-align-center\" data-align=\"center\">Kummer<\/td><td class=\"has-text-align-center\" data-align=\"center\">02.05.2026<\/td><td class=\"has-text-align-center\" data-align=\"center\">11:00 Uhr<\/td><td class=\"has-text-align-center\" data-align=\"center\">FF Kummer<\/td><\/tr><tr><td class=\"has-text-align-center\" data-align=\"center\">Neustadt Glewe<\/td><td class=\"has-text-align-center\" data-align=\"center\">30.05.2026<\/td><td class=\"has-text-align-center\" data-align=\"center\">11:<mark style=\"background-color:rgba(0, 0, 0, 0)\" class=\"has-inline-color has-vivid-red-color\">30<\/mark> Uhr<\/td><td class=\"has-text-align-center\" data-align=\"center\">FF Neustadt Glewe<\/td><\/tr><tr><td class=\"has-text-align-center\" data-align=\"center\">Hohen Viecheln<\/td><td class=\"has-text-align-center\" data-align=\"center\">13.06.2026<\/td><td class=\"has-text-align-center\" data-align=\"center\">11:00 Uhr<\/td><td class=\"has-text-align-center\" data-align=\"center\">FF Hohen Viecheln<\/td><\/tr><tr><td class=\"has-text-align-center\" data-align=\"center\">Schwartow<\/td><td class=\"has-text-align-center\" data-align=\"center\">04.07.2026<\/td><td class=\"has-text-align-center\" data-align=\"center\"><mark style=\"background-color:rgba(0, 0, 0, 0)\" class=\"has-inline-color has-black-color\">11:00 Uhr<\/mark><\/td><td class=\"has-text-align-center\" data-align=\"center\">FF Schwartow<\/td><\/tr><\/tbody><\/table><\/figure>\n\n\n\n<p><\/p>\n\n\n\n<p><strong>Liebe Kameradinnen und Kameraden,<\/strong><\/p>\n\n\n\n<p>die neue Saison des MV Cups steht in den Startl\u00f6chern \u2013 und wir freuen uns, dass sich bereits zahlreiche Mannschaften f\u00fcr die vier Wettkampftage 2026 angemeldet haben.<\/p>\n\n\n\n<p>Alle Informationen, Ausschreibungen und die Anmeldung findet ihr wie gewohnt \u00fcber&nbsp;<a href=\"https:\/\/deref-web.de\/mail\/client\/g4zBYEMaAw8\/dereferrer\/?redirectUrl=https%3A%2F%2Ffeusport.de%2F\" target=\"_blank\" rel=\"noreferrer noopener\">feusport.de&nbsp;<\/a>sowie auf&nbsp;<a>mv-cup.de<\/a>.<\/p>\n\n\n\n<p><strong>\ud83d\udd25 Wettkampftermine 2026<\/strong><\/p>\n\n\n\n<p>Die jeweiligen Ausschreibungen sind direkt bei den Veranstaltungen auf feusport.de hinterlegt:<\/p>\n\n\n\n<p><a href=\"https:\/\/deref-web.de\/mail\/client\/TgjE01g2XFc\/dereferrer\/?redirectUrl=https%3A%2F%2Ffeusport.de%2F2026%2Fmv-cup-1-2026\" target=\"_blank\" rel=\"noreferrer noopener\">MV Cup 1 \u2013 Kummer | 02.05.2026<\/a><br><a href=\"https:\/\/deref-web.de\/mail\/client\/9VfJ07CdGX0\/dereferrer\/?redirectUrl=https%3A%2F%2Ffeusport.de%2F2026%2Fmv-cup-2-2026\" target=\"_blank\" rel=\"noreferrer noopener\">MV Cup 2 \u2013 Neustadt-Glewe | 30.05.2026<\/a><br><a href=\"https:\/\/deref-web.de\/mail\/client\/YDukK-YzYew\/dereferrer\/?redirectUrl=https%3A%2F%2Ffeusport.de%2F2026%2Fmv-cup-3-2026\" target=\"_blank\" rel=\"noreferrer noopener\">MV Cup 3 \u2013 Hohen Viecheln | 13.06.2026<\/a><br><a href=\"https:\/\/deref-web.de\/mail\/client\/pNsvp1sB_lc\/dereferrer\/?redirectUrl=https%3A%2F%2Ffeusport.de%2F2026%2Fmv-cup-4-2026\" target=\"_blank\" rel=\"noreferrer noopener\">MV Cup 4 \u2013 Schwartow | 04.07.2026<\/a><\/p>\n\n\n\n<p>\u23f1\ufe0f<strong>&nbsp;Wichtige \u00c4nderung \u2013 Startzeit Kummer<\/strong><\/p>\n\n\n\n<p>F\u00fcr den ersten Wettkampf in Kummer liegen bereits sehr viele Anmeldungen vor.<br>Daher haben wir entschieden:<\/p>\n\n\n\n<p>\ud83d\udc49&nbsp;<strong><em>Startzeit ist bereits um&nbsp;11:00 Uhr<\/em><\/strong><\/p>\n\n\n\n<p>Bitte ber\u00fccksichtigt das in eurer Anreise- und Einsatzplanung.<\/p>\n\n\n\n<p>\ud83c\udfc6<strong>&nbsp;TGL-Wertung 2026<\/strong><\/p>\n\n\n\n<p>In diesem Jahr gibt es erstmals 3 TGL-Wertungstage, die zu einer Serie zusammengef\u00fchrt werden.<\/p>\n\n\n\n<p>\ud83d\udc49 F\u00fcr den 2. Wettkampftag in Neustadt-Glewe wurde daher eine TGL-Wertung hinzugef\u00fcgt.<\/p>\n\n\n\n<p>Bei Interesse k\u00f6nnt ihr euch hierf\u00fcr zus\u00e4tzlich anmelden.<\/p>\n\n\n\n<p>\ud83c\udde9\ud83c\uddea&nbsp;<strong>Qualifikation zur Deutschen Meisterschaft 2026<\/strong><\/p>\n\n\n\n<p>Ein besonderes Highlight in diesem Jahr:<\/p>\n\n\n\n<p>Die Deutsche Feuerwehrsport Gemeinschaft richtet am 12.09.2026 in Zerbst erstmals eine Deutsche Meisterschaft im Feuerwehrsport aus.<\/p>\n\n\n\n<p>Qualifikationsmodus 2026:<\/p>\n\n\n\n<ul><li>jeweils Platz 1\u20133 aus:<ul><li>DIN-Wertung 2025<\/li><li>TGL-Wertung 2025<\/li><\/ul><\/li><li>zus\u00e4tzlich:<ul><li>die schnellste gelaufene Zeit im MV Cup bis zum 30.06.2026<\/li><\/ul><\/li><\/ul>\n\n\n\n<p>Damit bietet der MV Cup 2026 erstmals eine direkte sportliche Perspektive auf Bundesebene.<\/p>\n\n\n\n<p>Wichtig:<br>Die Serienwertungen 2026 dienen bereits als Qualifikation f\u00fcr die Deutsche Meisterschaft 2027.<\/p>\n\n\n\n<p>\ud83c\udfaf<strong>&nbsp;Unser Ziel f\u00fcr 2026<\/strong><\/p>\n\n\n\n<p>Wir wollen auch in dieser Saison wieder:<\/p>\n\n\n\n<ul><li>faire und sportlich hochwertige Wettk\u00e4mpfe durchf\u00fchren<\/li><li>einen reibungslosen Ablauf sicherstellen<\/li><li>und vor allem: gemeinsam Feuerwehrsport auf hohem Niveau erleben<\/li><\/ul>\n\n\n\n<p>Bei Fragen oder Abstimmungsbedarf meldet euch jederzeit gern.<\/p>\n\n\n\n<p>Wir freuen uns auf eine starke Saison mit euch!<\/p>\n\n\n\n<p><strong><em>Mit sportlichen Gr\u00fc\u00dfen<\/em><\/strong><br>Euer Organisationsteam MV Cup aus Hohen Viecheln<\/p>\n\n\n\n<p><\/p>\n","protected":false},"excerpt":{"rendered":"<p>Hallo Feuerwehrsportlerinnen und Feuerwehrsportler, der MV Cup startet auch in 2026 wieder durch! Ort Datum Start Ausrichter Kummer 02.05.2026 11:00 Uhr FF Kummer Neustadt Glewe 30.05.2026 11:30 Uhr FF Neustadt Glewe Hohen Viecheln 13.06.2026 11:00 Uhr FF Hohen Viecheln Schwartow &hellip; <a href=\"https:\/\/mv-cup.de\/?p=781\">Continue reading <span class=\"meta-nav\">&rarr;<\/span><\/a><\/p>\n","protected":false},"author":3,"featured_media":0,"comment_status":"open","ping_status":"open","sticky":true,"template":"","format":"standard","meta":[],"categories":[1],"tags":[],"_links":{"self":[{"href":"https:\/\/mv-cup.de\/index.php?rest_route=\/wp\/v2\/posts\/781"}],"collection":[{"href":"https:\/\/mv-cup.de\/index.php?rest_route=\/wp\/v2\/posts"}],"about":[{"href":"https:\/\/mv-cup.de\/index.php?rest_route=\/wp\/v2\/types\/post"}],"author":[{"embeddable":true,"href":"https:\/\/mv-cup.de\/index.php?rest_route=\/wp\/v2\/users\/3"}],"replies":[{"embeddable":true,"href":"https:\/\/mv-cup.de\/index.php?rest_route=%2Fwp%2Fv2%2Fcomments&post=781"}],"version-history":[{"count":21,"href":"https:\/\/mv-cup.de\/index.php?rest_route=\/wp\/v2\/posts\/781\/revisions"}],"predecessor-version":[{"id":1068,"href":"https:\/\/mv-cup.de\/index.php?rest_route=\/wp\/v2\/posts\/781\/revisions\/1068"}],"wp:attachment":[{"href":"https:\/\/mv-cup.de\/index.php?rest_route=%2Fwp%2Fv2%2Fmedia&parent=781"}],"wp:term":[{"taxonomy":"category","embeddable":true,"href":"https:\/\/mv-cup.de\/index.php?rest_route=%2Fwp%2Fv2%2Fcategories&post=781"},{"taxonomy":"post_tag","embeddable":true,"href":"https:\/\/mv-cup.de\/index.php?rest_route=%2Fwp%2Fv2%2Ftags&post=781"}],"curies":[{"name":"wp","href":"https:\/\/api.w.org\/{rel}","templated":true}]}}